{"id":523,"date":"2025-03-08T18:45:20","date_gmt":"2025-03-08T21:45:20","guid":{"rendered":"https:\/\/oca.ufpa.br\/?p=523"},"modified":"2025-03-08T18:57:13","modified_gmt":"2025-03-08T21:57:13","slug":"critica-do-filme-no-cego","status":"publish","type":"post","link":"https:\/\/oca.ufpa.br\/?p=523","title":{"rendered":"Cr\u00edtica do Filme N\u00f3 Cego"},"content":{"rendered":"\n<p class=\"wp-block-paragraph\">Por Geraldo Tavares \/ <\/p>\n\n\n\n<figure class=\"wp-block-image size-full is-resized\"><img loading=\"lazy\" decoding=\"async\" width=\"443\" height=\"205\" src=\"https:\/\/oca.ufpa.br\/wp-content\/uploads\/2025\/03\/image-58.png\" alt=\"\" class=\"wp-image-524\" style=\"width:620px;height:auto\" srcset=\"https:\/\/oca.ufpa.br\/wp-content\/uploads\/2025\/03\/image-58.png 443w, https:\/\/oca.ufpa.br\/wp-content\/uploads\/2025\/03\/image-58-300x139.png 300w\" sizes=\"auto, (max-width: 443px) 100vw, 443px\" \/><\/figure>\n\n\n\n<p class=\"wp-block-paragraph\"><\/p>\n\n\n\n<p class=\"wp-block-paragraph\">O curta-metragem \u201cN\u00f3 Cego\u201d mostra a noite de anivers\u00e1rio de Davi nos preparativos para sua festa. Ele est\u00e1 em uma discuss\u00e3o no telefone, quando um menino toca sua campainha, o menino est\u00e1 com os cadar\u00e7os amarrados com um n\u00f3. Ele entra na casa e, assim, o curta come\u00e7a a tratar seu principal tema: a aceita\u00e7\u00e3o de pessoas LGBTQIA+ pela fam\u00edlia. O uso de met\u00e1foras e alegorias s\u00e3o excepcionais no roteiro do curta-metragem, a ideia de tratar o dilema do personagem como um n\u00f3, que pode ou n\u00e3o ser desmanchado, pois a obra gira em torno dessa rela\u00e7\u00e3o do cadar\u00e7o com o n\u00f3 e dos dilemas que Davi precisa resolver aquela noite. A ideia da fantasia que os personagens citam tamb\u00e9m \u00e9 interessante \u00e0 an\u00e1lise de que pessoas LGBTQIA+ n\u00e3o conseguem mostrar quem realmente s\u00e3o. O medo de n\u00e3o serem aceitas \u00e9 muito bem trabalhado dentro di\u00e1logo, que apesar de toda a leveza, ainda assim tem um impacto que leva o espectador a uma reflex\u00e3o sobre o assunto ou at\u00e9 uma identifica\u00e7\u00e3o com o conflito do personagem.&nbsp;<\/p>\n\n\n\n<p class=\"wp-block-paragraph\">O plot twist era algo meio que j\u00e1 esperado, a descoberta de que o menino \u00e9 seu &#8220;eu&#8221; do passado que vem para fazer ele se questionar sobre como a vida dele est\u00e1 no presente. Mas, ainda assim, tem seu m\u00e9rito, muito por conta da escolha da transi\u00e7\u00e3o que \u00e9 usada de uma cena para a outra.&nbsp;<\/p>\n\n\n\n<p class=\"wp-block-paragraph\">\u00c9 interessante destacar tamb\u00e9m a fotografia do filme, na qual o uso de planos mais fechados busca trazer uma ideia de intimidade na rela\u00e7\u00e3o e di\u00e1logos dos personagens. No final do curta, descobrimos a rela\u00e7\u00e3o real dos personagens, ent\u00e3o \u00e9 muito boa essa constru\u00e7\u00e3o que a fotografia traz ao curta.&nbsp;<\/p>\n\n\n\n<p class=\"wp-block-paragraph\">A dire\u00e7\u00e3o de arte tamb\u00e9m tem seu destaque no curta, principalmente quando nos mostra detalhes que n\u00e3o s\u00e3o falados do personagem, e principalmente na revela\u00e7\u00e3o do plot twist, a constru\u00e7\u00e3o do quarto, que apesar de trazer uma constru\u00e7\u00e3o mais minimalista, eleva emo\u00e7\u00e3o que o plot twist merecia.&nbsp;<\/p>\n\n\n\n<p class=\"wp-block-paragraph\">N\u00f3 Cego \u00e9 um curta metragem que me surpreendeu bastante, e destaco o qu\u00e3o boa foi a experi\u00eancia de assistir \u00e0 obra, pois ela traz camadas muito interessantes que com certeza ir\u00e1 levar o espectador a reflex\u00f5es sobre os assuntos que a obra trata.<\/p>\n","protected":false},"excerpt":{"rendered":"<p>Por Geraldo Tavares \/ O curta-metragem \u201cN\u00f3 Cego\u201d mostra a noite de anivers\u00e1rio de Davi nos preparativos para sua festa. Ele est\u00e1 em uma discuss\u00e3o no telefone, quando um menino toca sua campainha, o menino est\u00e1 com os cadar\u00e7os amarrados com um n\u00f3. Ele entra na casa e, assim, o curta come\u00e7a a tratar seu [&hellip;]<\/p>\n","protected":false},"author":1,"featured_media":0,"comment_status":"open","ping_status":"open","sticky":false,"template":"","format":"standard","meta":{"footnotes":""},"categories":[8],"tags":[],"class_list":["post-523","post","type-post","status-publish","format-standard","hentry","category-cobertura-do-7o-toro"],"_links":{"self":[{"href":"https:\/\/oca.ufpa.br\/index.php?rest_route=\/wp\/v2\/posts\/523","targetHints":{"allow":["GET"]}}],"collection":[{"href":"https:\/\/oca.ufpa.br\/index.php?rest_route=\/wp\/v2\/posts"}],"about":[{"href":"https:\/\/oca.ufpa.br\/index.php?rest_route=\/wp\/v2\/types\/post"}],"author":[{"embeddable":true,"href":"https:\/\/oca.ufpa.br\/index.php?rest_route=\/wp\/v2\/users\/1"}],"replies":[{"embeddable":true,"href":"https:\/\/oca.ufpa.br\/index.php?rest_route=%2Fwp%2Fv2%2Fcomments&post=523"}],"version-history":[{"count":2,"href":"https:\/\/oca.ufpa.br\/index.php?rest_route=\/wp\/v2\/posts\/523\/revisions"}],"predecessor-version":[{"id":554,"href":"https:\/\/oca.ufpa.br\/index.php?rest_route=\/wp\/v2\/posts\/523\/revisions\/554"}],"wp:attachment":[{"href":"https:\/\/oca.ufpa.br\/index.php?rest_route=%2Fwp%2Fv2%2Fmedia&parent=523"}],"wp:term":[{"taxonomy":"category","embeddable":true,"href":"https:\/\/oca.ufpa.br\/index.php?rest_route=%2Fwp%2Fv2%2Fcategories&post=523"},{"taxonomy":"post_tag","embeddable":true,"href":"https:\/\/oca.ufpa.br\/index.php?rest_route=%2Fwp%2Fv2%2Ftags&post=523"}],"curies":[{"name":"wp","href":"https:\/\/api.w.org\/{rel}","templated":true}]}}